{"id":15871,"date":"2020-12-09T23:20:51","date_gmt":"2020-12-10T05:20:51","guid":{"rendered":"https:\/\/aprendoencasa2.mineduc.gob.gt\/?p=15871"},"modified":"2020-12-12T22:25:36","modified_gmt":"2020-12-13T04:25:36","slug":"361-corregir-a-nuestros-hijos-sin-usar-la-violencia-fisica-verbal-ni-emocional","status":"publish","type":"post","link":"https:\/\/aprendoencasayenclase.mineduc.gob.gt\/index.php\/361-corregir-a-nuestros-hijos-sin-usar-la-violencia-fisica-verbal-ni-emocional\/","title":{"rendered":"Corregir a nuestros hijos sin usar la violencia f\u00edsica, verbal, ni emocional"},"content":{"rendered":"\n<p><strong>MA Olga Mart\u00ednez, Universidad Mariano G\u00e1lvez<\/strong><\/p>\n\n\n\n<div class=\"wp-block-image\"><figure class=\"alignright size-large\"><img src=\"https:\/\/aprendoencasayenclase.mineduc.gob.gt\/images\/sampledata\/asimages\/blog\/BLOG28.jpg\" alt=\"\"\/><\/figure><\/div>\n\n\n\n<p>Cuando decidimos formar una familia, nunca acudimos a una escuela para padres en donde nos aconsejaran c\u00f3mo educar a nuestros hijos o la forma correcta de hacerlo. En muchas ocasiones seguimos patrones de nuestros padres, o de las personas con quienes crecimos, y los utilizamos de forma consciente o inconsciente. Muchas veces no son funcionales, porque nuestros hijos son diferentes a nosotros y no piensan igual o como quisi\u00e9ramos.<\/p>\n\n\n\n<p>Pero \u00bfcu\u00e1l ser\u00e1 la forma correcta de educar a nuestros hijos sin usar la violencia f\u00edsica, verbal, ni emocional?&nbsp; Conversando con amigos y reflexionando sobre este tema, resulta dif\u00edcil ponerse de acuerdo porque cada uno tiene su propia forma de pensar, pero desde mi experiencia como madre de tres hijos, les comparto que no ha sido una tarea f\u00e1cil porque los tres son diferentes y lo que me ha funcionado con uno de ellos en su momento, resulta que con el otro no.&nbsp; Pienso que no existe una receta exacta que nos diga cu\u00e1les son esos ingredientes&nbsp; y las cantidades correctas de cada uno para educar a nuestros hijos,&nbsp; pero de lo que si estoy segura es que&nbsp; los&nbsp; elementos maravillosos de mi receta&nbsp; son comunicaci\u00f3n,&nbsp; paciencia, respeto, disciplina,&nbsp; confianza, comprensi\u00f3n, autoridad, afecto, tiempo de calidad, reglas claras&nbsp; y predicar con el ejemplo, todos&nbsp; mezclados con amor, el cual es el ingrediente m\u00e1gico para que todos los componentes se fusionen correctamente y produzcan una substancia con la cual alimentar a nuestros hijos d\u00eda con d\u00eda&nbsp; para&nbsp; hacerlos sentir amados, importantes,&nbsp; fortalecer su alma&nbsp; y&nbsp; ganarnos su coraz\u00f3n, sin lastimar sus sentimientos.<\/p>\n\n\n\n<p>Como padres hay cosas sumamente importantes que debemos tomar en cuenta para educar a nuestros hijos.&nbsp; En primera instancia, inculcar siempre el amor a Dios; la paz espiritual y emocional que se respire en lo \u00edntimo de nuestro hogar, har\u00e1 que se transmita un ambiente de tranquilidad.&nbsp; Asimismo, la comunicaci\u00f3n permanente entre pap\u00e1 y mam\u00e1 o quienes convivan con ellos para llegar a acuerdos, respecto a la educaci\u00f3n y poner reglas claras a seguir; recordemos que las reglas no solo aplican para los hijos, sino para toda la familia.&nbsp; Muchas veces pretendemos que solo ellos obedezcan lineamientos, pero los padres no nos queremos someter a ninguna norma de conducta para dar el ejemplo, lo cual se vuelve contradictorio. Hay que tomarlo en cuenta y ejercer una disciplina mesurada y orientadora, en donde evidenciemos el liderazgo y mayordom\u00eda de ambos sobre los hijos para no contradecirnos, principalmente delante de ellos y perder la autoridad, sino por el contrario ganarnos su respeto y admiraci\u00f3n por la buena conducci\u00f3n y ejemplo.&nbsp;<\/p>\n\n\n\n<p>Partiendo de lo anterior, siempre debemos mantener la comunicaci\u00f3n, el consejo y el di\u00e1logo permanente entre padres e hijos, y no cometer el error de hablar con ellos solo cuando act\u00faan de manera incorrecta, sino siempre, y si la \u00fanica oportunidad de compartir es por la noche, por cuestiones de trabajo de ambos padres, pues aprovechar el espacio para conversar, que nos cuenten sus cosas, interesarnos por ellos en todo momento.&nbsp;<\/p>\n\n\n\n<p>Si debemos corregir una acci\u00f3n indebida o aplicar en determinado momento un castigo, de ser necesario, tenemos que hacerlo en el momento oportuno, porque es nuestro deber como padres, no solo cubrir sus necesidades b\u00e1sicas, sino guiarlos, educarlos y&nbsp; corregirlos con amor, sin caer en los excesos,&nbsp; porque podemos pecar de exceso de amor y volvernos padres permisivos y consentidores, y eso tampoco es educar.&nbsp; Es necesario establecer l\u00edmites y hacer que se cumplan con firmeza para que adquiera disciplina.&nbsp;&nbsp;<\/p>\n\n\n\n<p>\u00bfCu\u00e1les podr\u00edan ser los correctivos que ense\u00f1en a nuestros hijos su mal actuar sin llegar a la violencia?&nbsp; Correctivos se han observado muchos, desde la diversidad de culturas existentes en nuestro contexto nacional, a mi parecer algunos correctores&nbsp; sencillos que pueden emplearse serian:&nbsp; prohibir&nbsp; el uso de algo que les guste mucho, como su juguete favorito, Tablet, videojuegos,&nbsp; ver un programa favorito en la&nbsp; televisi\u00f3n, no salir de su cuarto por un tiempo determinado, entre otros; tendr\u00edan que aplicarse de acuerdo con la edad,&nbsp; &nbsp;pero tambi\u00e9n&nbsp; debemos evitar abusos como dejarlos sin comer, ba\u00f1arlos con agua fr\u00eda, golpes, insultos, etc.&nbsp; que hieran sus sentimientos y otras groser\u00edas que lastimen su ser,&nbsp; y si nosotros hemos sido parte de estas supuestas correcciones, es necesario que rompamos las cadenas y eduquemos con amor, porque lo afectivo siempre es efectivo,&nbsp; por el bienestar de las personas que amamos, porque la violencia genera m\u00e1s violencia, dolor, frustraci\u00f3n, inseguridad y rencor.&nbsp;<\/p>\n\n\n\n<p>Educar a nuestros hijos no es una tarea f\u00e1cil, tenemos que pedirle a Dios sabidur\u00eda para guiarlos y conducirlos, sin llegar a la violencia f\u00edsica, verbal y emocional, poniendo reglas claras, moralizando con el ejemplo, comunicaci\u00f3n permanente y siempre hacerles saber cu\u00e1nto los amamos, a trav\u00e9s de manifestaciones afectivas, reconociendo sus logros, ense\u00f1\u00e1ndoles a aprender de sus errores, transmiti\u00e9ndoles seguridad, confianza, etc. para que crezcan f\u00edsica y emocionalmente sanos.<\/p>\n\n\n\n<div class=\"wp-block-columns\">\n<div class=\"wp-block-column\">\n<div class=\"wp-block-image\"><figure class=\"alignright size-large is-resized\"><img loading=\"lazy\" src=\"https:\/\/aprendoencasayenclase.mineduc.gob.gt\/images\/sampledata\/asimages\/blog\/Logo_UMG.jpg\" alt=\"\" width=\"150\" height=\"133\"\/><\/figure><\/div>\n<\/div>\n\n\n\n<div class=\"wp-block-column\">\n<div class=\"wp-block-image\"><figure class=\"alignleft size-large is-resized\"><img loading=\"lazy\" src=\"https:\/\/aprendoencasayenclase.mineduc.gob.gt\/images\/sampledata\/asimages\/blog\/Logo_Con_Uni.png\" alt=\"\" width=\"258\" height=\"126\"\/><\/figure><\/div>\n<\/div>\n<\/div>\n","protected":false},"excerpt":{"rendered":"<p>MA Olga Mart\u00ednez, Universidad Mariano G\u00e1lvez<\/p>\n","protected":false},"author":3,"featured_media":15872,"comment_status":"closed","ping_status":"closed","sticky":false,"template":"","format":"standard","meta":[],"categories":[154],"tags":[],"yoast_head":"<!-- This site is optimized with the Yoast SEO plugin v19.6.1 - https:\/\/yoast.com\/wordpress\/plugins\/seo\/ -->\n<title>Corregir a nuestros hijos sin usar la violencia f\u00edsica, verbal, ni emocional - Aprendoencasayenclase<\/title>\n<meta name=\"robots\" content=\"index, follow, max-snippet:-1, max-image-preview:large, max-video-preview:-1\" \/>\n<link rel=\"canonical\" href=\"https:\/\/aprendoencasayenclase.mineduc.gob.gt\/index.php\/361-corregir-a-nuestros-hijos-sin-usar-la-violencia-fisica-verbal-ni-emocional\/\" \/>\n<meta property=\"og:locale\" content=\"es_ES\" \/>\n<meta property=\"og:type\" content=\"article\" \/>\n<meta property=\"og:title\" content=\"Corregir a nuestros hijos sin usar la violencia f\u00edsica, verbal, ni emocional - Aprendoencasayenclase\" \/>\n<meta property=\"og:description\" content=\"MA Olga Mart\u00ednez, Universidad Mariano G\u00e1lvez\" \/>\n<meta property=\"og:url\" content=\"https:\/\/aprendoencasayenclase.mineduc.gob.gt\/index.php\/361-corregir-a-nuestros-hijos-sin-usar-la-violencia-fisica-verbal-ni-emocional\/\" \/>\n<meta property=\"og:site_name\" content=\"Aprendoencasayenclase\" \/>\n<meta property=\"article:published_time\" content=\"2020-12-10T05:20:51+00:00\" \/>\n<meta property=\"article:modified_time\" content=\"2020-12-13T04:25:36+00:00\" \/>\n<meta property=\"og:image\" content=\"https:\/\/aprendoencasayenclase.mineduc.gob.gt\/wp-content\/uploads\/BLOG281.jpg\" \/>\n\t<meta property=\"og:image:width\" content=\"500\" \/>\n\t<meta property=\"og:image:height\" content=\"333\" \/>\n\t<meta property=\"og:image:type\" content=\"image\/jpeg\" \/>\n<meta name=\"author\" content=\"Carol\" \/>\n<meta name=\"twitter:card\" content=\"summary_large_image\" \/>\n<meta name=\"twitter:label1\" content=\"Written by\" \/>\n\t<meta name=\"twitter:data1\" content=\"Carol\" \/>\n\t<meta name=\"twitter:label2\" content=\"Est. reading time\" \/>\n\t<meta name=\"twitter:data2\" content=\"4 minutos\" \/>\n<script type=\"application\/ld+json\" class=\"yoast-schema-graph\">{\"@context\":\"https:\/\/schema.org\",\"@graph\":[{\"@type\":\"WebPage\",\"@id\":\"https:\/\/aprendoencasayenclase.mineduc.gob.gt\/index.php\/361-corregir-a-nuestros-hijos-sin-usar-la-violencia-fisica-verbal-ni-emocional\/\",\"url\":\"https:\/\/aprendoencasayenclase.mineduc.gob.gt\/index.php\/361-corregir-a-nuestros-hijos-sin-usar-la-violencia-fisica-verbal-ni-emocional\/\",\"name\":\"Corregir a nuestros hijos sin usar la violencia f\u00edsica, verbal, ni emocional - Aprendoencasayenclase\",\"isPartOf\":{\"@id\":\"https:\/\/aprendoencasayenclase.mineduc.gob.gt\/#website\"},\"datePublished\":\"2020-12-10T05:20:51+00:00\",\"dateModified\":\"2020-12-13T04:25:36+00:00\",\"author\":{\"@id\":\"https:\/\/aprendoencasayenclase.mineduc.gob.gt\/#\/schema\/person\/b00626ff84896a881d73da8ba45cf532\"},\"breadcrumb\":{\"@id\":\"https:\/\/aprendoencasayenclase.mineduc.gob.gt\/index.php\/361-corregir-a-nuestros-hijos-sin-usar-la-violencia-fisica-verbal-ni-emocional\/#breadcrumb\"},\"inLanguage\":\"es\",\"potentialAction\":[{\"@type\":\"ReadAction\",\"target\":[\"https:\/\/aprendoencasayenclase.mineduc.gob.gt\/index.php\/361-corregir-a-nuestros-hijos-sin-usar-la-violencia-fisica-verbal-ni-emocional\/\"]}]},{\"@type\":\"BreadcrumbList\",\"@id\":\"https:\/\/aprendoencasayenclase.mineduc.gob.gt\/index.php\/361-corregir-a-nuestros-hijos-sin-usar-la-violencia-fisica-verbal-ni-emocional\/#breadcrumb\",\"itemListElement\":[{\"@type\":\"ListItem\",\"position\":1,\"name\":\"Inicio\",\"item\":\"https:\/\/aprendoencasayenclase.mineduc.gob.gt\/\"},{\"@type\":\"ListItem\",\"position\":2,\"name\":\"Corregir a nuestros hijos sin usar la violencia f\u00edsica, verbal, ni emocional\"}]},{\"@type\":\"WebSite\",\"@id\":\"https:\/\/aprendoencasayenclase.mineduc.gob.gt\/#website\",\"url\":\"https:\/\/aprendoencasayenclase.mineduc.gob.gt\/\",\"name\":\"Aprendoencasa\",\"description\":\"Aprendo\",\"potentialAction\":[{\"@type\":\"SearchAction\",\"target\":{\"@type\":\"EntryPoint\",\"urlTemplate\":\"https:\/\/aprendoencasayenclase.mineduc.gob.gt\/?s={search_term_string}\"},\"query-input\":\"required name=search_term_string\"}],\"inLanguage\":\"es\"},{\"@type\":\"Person\",\"@id\":\"https:\/\/aprendoencasayenclase.mineduc.gob.gt\/#\/schema\/person\/b00626ff84896a881d73da8ba45cf532\",\"name\":\"Carol\",\"image\":{\"@type\":\"ImageObject\",\"inLanguage\":\"es\",\"@id\":\"https:\/\/aprendoencasayenclase.mineduc.gob.gt\/#\/schema\/person\/image\/\",\"url\":\"https:\/\/secure.gravatar.com\/avatar\/735ef63d5236371005ec1f5ddf4e7bb9?s=96&d=mm&r=g\",\"contentUrl\":\"https:\/\/secure.gravatar.com\/avatar\/735ef63d5236371005ec1f5ddf4e7bb9?s=96&d=mm&r=g\",\"caption\":\"Carol\"},\"url\":\"https:\/\/aprendoencasayenclase.mineduc.gob.gt\/index.php\/author\/carol\/\"}]}<\/script>\n<!-- \/ Yoast SEO plugin. -->","yoast_head_json":{"title":"Corregir a nuestros hijos sin usar la violencia f\u00edsica, verbal, ni emocional - Aprendoencasayenclase","robots":{"index":"index","follow":"follow","max-snippet":"max-snippet:-1","max-image-preview":"max-image-preview:large","max-video-preview":"max-video-preview:-1"},"canonical":"https:\/\/aprendoencasayenclase.mineduc.gob.gt\/index.php\/361-corregir-a-nuestros-hijos-sin-usar-la-violencia-fisica-verbal-ni-emocional\/","og_locale":"es_ES","og_type":"article","og_title":"Corregir a nuestros hijos sin usar la violencia f\u00edsica, verbal, ni emocional - Aprendoencasayenclase","og_description":"MA Olga Mart\u00ednez, Universidad Mariano G\u00e1lvez","og_url":"https:\/\/aprendoencasayenclase.mineduc.gob.gt\/index.php\/361-corregir-a-nuestros-hijos-sin-usar-la-violencia-fisica-verbal-ni-emocional\/","og_site_name":"Aprendoencasayenclase","article_published_time":"2020-12-10T05:20:51+00:00","article_modified_time":"2020-12-13T04:25:36+00:00","og_image":[{"width":500,"height":333,"url":"https:\/\/aprendoencasayenclase.mineduc.gob.gt\/wp-content\/uploads\/BLOG281.jpg","type":"image\/jpeg"}],"author":"Carol","twitter_card":"summary_large_image","twitter_misc":{"Written by":"Carol","Est. reading time":"4 minutos"},"schema":{"@context":"https:\/\/schema.org","@graph":[{"@type":"WebPage","@id":"https:\/\/aprendoencasayenclase.mineduc.gob.gt\/index.php\/361-corregir-a-nuestros-hijos-sin-usar-la-violencia-fisica-verbal-ni-emocional\/","url":"https:\/\/aprendoencasayenclase.mineduc.gob.gt\/index.php\/361-corregir-a-nuestros-hijos-sin-usar-la-violencia-fisica-verbal-ni-emocional\/","name":"Corregir a nuestros hijos sin usar la violencia f\u00edsica, verbal, ni emocional - Aprendoencasayenclase","isPartOf":{"@id":"https:\/\/aprendoencasayenclase.mineduc.gob.gt\/#website"},"datePublished":"2020-12-10T05:20:51+00:00","dateModified":"2020-12-13T04:25:36+00:00","author":{"@id":"https:\/\/aprendoencasayenclase.mineduc.gob.gt\/#\/schema\/person\/b00626ff84896a881d73da8ba45cf532"},"breadcrumb":{"@id":"https:\/\/aprendoencasayenclase.mineduc.gob.gt\/index.php\/361-corregir-a-nuestros-hijos-sin-usar-la-violencia-fisica-verbal-ni-emocional\/#breadcrumb"},"inLanguage":"es","potentialAction":[{"@type":"ReadAction","target":["https:\/\/aprendoencasayenclase.mineduc.gob.gt\/index.php\/361-corregir-a-nuestros-hijos-sin-usar-la-violencia-fisica-verbal-ni-emocional\/"]}]},{"@type":"BreadcrumbList","@id":"https:\/\/aprendoencasayenclase.mineduc.gob.gt\/index.php\/361-corregir-a-nuestros-hijos-sin-usar-la-violencia-fisica-verbal-ni-emocional\/#breadcrumb","itemListElement":[{"@type":"ListItem","position":1,"name":"Inicio","item":"https:\/\/aprendoencasayenclase.mineduc.gob.gt\/"},{"@type":"ListItem","position":2,"name":"Corregir a nuestros hijos sin usar la violencia f\u00edsica, verbal, ni emocional"}]},{"@type":"WebSite","@id":"https:\/\/aprendoencasayenclase.mineduc.gob.gt\/#website","url":"https:\/\/aprendoencasayenclase.mineduc.gob.gt\/","name":"Aprendoencasa","description":"Aprendo","potentialAction":[{"@type":"SearchAction","target":{"@type":"EntryPoint","urlTemplate":"https:\/\/aprendoencasayenclase.mineduc.gob.gt\/?s={search_term_string}"},"query-input":"required name=search_term_string"}],"inLanguage":"es"},{"@type":"Person","@id":"https:\/\/aprendoencasayenclase.mineduc.gob.gt\/#\/schema\/person\/b00626ff84896a881d73da8ba45cf532","name":"Carol","image":{"@type":"ImageObject","inLanguage":"es","@id":"https:\/\/aprendoencasayenclase.mineduc.gob.gt\/#\/schema\/person\/image\/","url":"https:\/\/secure.gravatar.com\/avatar\/735ef63d5236371005ec1f5ddf4e7bb9?s=96&d=mm&r=g","contentUrl":"https:\/\/secure.gravatar.com\/avatar\/735ef63d5236371005ec1f5ddf4e7bb9?s=96&d=mm&r=g","caption":"Carol"},"url":"https:\/\/aprendoencasayenclase.mineduc.gob.gt\/index.php\/author\/carol\/"}]}},"_links":{"self":[{"href":"https:\/\/aprendoencasayenclase.mineduc.gob.gt\/index.php\/wp-json\/wp\/v2\/posts\/15871"}],"collection":[{"href":"https:\/\/aprendoencasayenclase.mineduc.gob.gt\/index.php\/wp-json\/wp\/v2\/posts"}],"about":[{"href":"https:\/\/aprendoencasayenclase.mineduc.gob.gt\/index.php\/wp-json\/wp\/v2\/types\/post"}],"author":[{"embeddable":true,"href":"https:\/\/aprendoencasayenclase.mineduc.gob.gt\/index.php\/wp-json\/wp\/v2\/users\/3"}],"replies":[{"embeddable":true,"href":"https:\/\/aprendoencasayenclase.mineduc.gob.gt\/index.php\/wp-json\/wp\/v2\/comments?post=15871"}],"version-history":[{"count":2,"href":"https:\/\/aprendoencasayenclase.mineduc.gob.gt\/index.php\/wp-json\/wp\/v2\/posts\/15871\/revisions"}],"predecessor-version":[{"id":16078,"href":"https:\/\/aprendoencasayenclase.mineduc.gob.gt\/index.php\/wp-json\/wp\/v2\/posts\/15871\/revisions\/16078"}],"wp:featuredmedia":[{"embeddable":true,"href":"https:\/\/aprendoencasayenclase.mineduc.gob.gt\/index.php\/wp-json\/wp\/v2\/media\/15872"}],"wp:attachment":[{"href":"https:\/\/aprendoencasayenclase.mineduc.gob.gt\/index.php\/wp-json\/wp\/v2\/media?parent=15871"}],"wp:term":[{"taxonomy":"category","embeddable":true,"href":"https:\/\/aprendoencasayenclase.mineduc.gob.gt\/index.php\/wp-json\/wp\/v2\/categories?post=15871"},{"taxonomy":"post_tag","embeddable":true,"href":"https:\/\/aprendoencasayenclase.mineduc.gob.gt\/index.php\/wp-json\/wp\/v2\/tags?post=15871"}],"curies":[{"name":"wp","href":"https:\/\/api.w.org\/{rel}","templated":true}]}}