{"id":15842,"date":"2020-12-09T22:32:00","date_gmt":"2020-12-10T04:32:00","guid":{"rendered":"https:\/\/aprendoencasa2.mineduc.gob.gt\/?p=15842"},"modified":"2020-12-12T22:21:55","modified_gmt":"2020-12-13T04:21:55","slug":"337-liderazgo-docente-ante-escuelas-cerradas-por-crisis-sanitaria","status":"publish","type":"post","link":"https:\/\/aprendoencasayenclase.mineduc.gob.gt\/index.php\/337-liderazgo-docente-ante-escuelas-cerradas-por-crisis-sanitaria\/","title":{"rendered":"Liderazgo docente ante escuelas cerradas por crisis sanitaria"},"content":{"rendered":"\n<p><strong>Por: Miguel Angel Franco, Universidad Panamericana<\/strong><\/p>\n\n\n\n<div class=\"wp-block-image\"><figure class=\"alignright size-large\"><img src=\"https:\/\/aprendoencasayenclase.mineduc.gob.gt\/images\/sampledata\/asimages\/blog\/BLOG25.jpg\" alt=\"\"\/><\/figure><\/div>\n\n\n\n<p>No cabe duda que es hoy cuando nuestro sistema educativo nacional necesita del liderazgo de sus docentes, porque son ellos los que saben c\u00f3mo, d\u00f3nde y cu\u00e1ndo aprenden mejor sus alumnos.&nbsp;<\/p>\n\n\n\n<p>El Ministerio de Educaci\u00f3n est\u00e1 realizando su mejor esfuerzo para apoyar a los ni\u00f1os y j\u00f3venes en su aprendizaje a partir de la suspensi\u00f3n y cierre de escuelas e institutos a nivel nacional. El lanzamiento del programa \u201cAprendo en casa\u201d, es una buena estrategia did\u00e1ctica para atender a los alumnos utilizando la tecnolog\u00eda, a trav\u00e9s de recursos digitales y estudio dirigido en l\u00ednea, radio y televisi\u00f3n abierta. Sin embargo, solamente los alumnos de entornos privilegiados, respaldados por sus padres, encontrar\u00e1n alternativas satisfactorias para realizar sus estudios desde sus casas. Los de entornos desfavorecidos, marginados y rurales, sin acceso a esos recursos digitales y con un d\u00e9bil o nulo apoyo de los padres de familia, seguir\u00e1n excluidos del derecho a la educaci\u00f3n.&nbsp;<\/p>\n\n\n\n<p>En el aprendizaje la pedagog\u00eda ocupa un rol fundamental, y es aqu\u00ed en el hecho pedag\u00f3gico, donde el liderazgo del docente debe resurgir como un aut\u00e9ntico profesional de la educaci\u00f3n; asumiendo su papel de consejero, mediador, facilitador, gestor y sobre todo l\u00edder educativo. Tiene el enorme desaf\u00edo de buscar las estrategias did\u00e1cticas de atenci\u00f3n, creativas e innovadoras que apoyen a encontrar esas soluciones alternativas para que todos sus estudiantes contin\u00faen sus aprendizajes escolares, con otros medios y otra realidad pedag\u00f3gica.&nbsp;<\/p>\n\n\n\n<p>Se trata que, en estos momentos, desde la sensibilidad se busque la creatividad del propio ser y el hacer educativo, a efecto de ofrecer soluciones pedag\u00f3gicas y did\u00e1cticas de atenci\u00f3n a toda la ni\u00f1ez y juventud escolar. Ser\u00e1 imperativo planificar y desarrollar sus clases bajo nuevos esquemas did\u00e1cticos que respondan a lo que sus estudiantes deben aprender seg\u00fan su grado de escolaridad, y a valorizar aquellas competencias no cognitivas que est\u00e1n desarrollando en este tiempo de confinamiento familiar.&nbsp;<\/p>\n\n\n\n<p>Es aqu\u00ed, y en este momento de crisis, cuando el liderazgo del docente debe ser efectivo, y considero que en muchos casos est\u00e1 siendo efectivo, en los distintos niveles del sistema educativo. Este rol lo podr\u00e1n jugar aquellos docentes que sienten y conocen las necesidades inmediatas de los estudiantes, las familias, las autoridades y la comunidad a la que sirven, porque est\u00e1n conscientes que los necesitan hoy m\u00e1s que nunca. Gracias a los docentes que ya est\u00e1n poniendo al servicio de su comunidad su liderazgo y vocaci\u00f3n, con compromiso y pasi\u00f3n del aut\u00e9ntico maestro.<\/p>\n\n\n\n<div class=\"wp-block-columns\">\n<div class=\"wp-block-column\">\n<div class=\"wp-block-image\"><figure class=\"alignright size-large is-resized\"><img loading=\"lazy\" src=\"https:\/\/aprendoencasayenclase.mineduc.gob.gt\/images\/sampledata\/asimages\/blog\/UPANA-LOGO.jpg\" alt=\"\" width=\"374\" height=\"118\"\/><\/figure><\/div>\n<\/div>\n\n\n\n<div class=\"wp-block-column\">\n<div class=\"wp-block-image\"><figure class=\"alignleft size-large is-resized\"><img loading=\"lazy\" src=\"https:\/\/aprendoencasayenclase.mineduc.gob.gt\/images\/sampledata\/asimages\/blog\/Logo_Con_Uni.png\" alt=\"\" width=\"258\" height=\"126\"\/><\/figure><\/div>\n<\/div>\n<\/div>\n\n\n\n<p><\/p>\n","protected":false},"excerpt":{"rendered":"<p>Por: Miguel Angel Franco, Universidad Panamericana<\/p>\n","protected":false},"author":3,"featured_media":15843,"comment_status":"closed","ping_status":"closed","sticky":false,"template":"","format":"standard","meta":[],"categories":[154],"tags":[],"yoast_head":"<!-- This site is optimized with the Yoast SEO plugin v19.6.1 - https:\/\/yoast.com\/wordpress\/plugins\/seo\/ -->\n<title>Liderazgo docente ante escuelas cerradas por crisis sanitaria - Aprendoencasayenclase<\/title>\n<meta name=\"robots\" content=\"index, follow, max-snippet:-1, max-image-preview:large, max-video-preview:-1\" \/>\n<link rel=\"canonical\" href=\"https:\/\/aprendoencasayenclase.mineduc.gob.gt\/index.php\/337-liderazgo-docente-ante-escuelas-cerradas-por-crisis-sanitaria\/\" \/>\n<meta property=\"og:locale\" content=\"es_ES\" \/>\n<meta property=\"og:type\" content=\"article\" \/>\n<meta property=\"og:title\" content=\"Liderazgo docente ante escuelas cerradas por crisis sanitaria - Aprendoencasayenclase\" \/>\n<meta property=\"og:description\" content=\"Por: Miguel Angel Franco, Universidad Panamericana\" \/>\n<meta property=\"og:url\" content=\"https:\/\/aprendoencasayenclase.mineduc.gob.gt\/index.php\/337-liderazgo-docente-ante-escuelas-cerradas-por-crisis-sanitaria\/\" \/>\n<meta property=\"og:site_name\" content=\"Aprendoencasayenclase\" \/>\n<meta property=\"article:published_time\" content=\"2020-12-10T04:32:00+00:00\" \/>\n<meta property=\"article:modified_time\" content=\"2020-12-13T04:21:55+00:00\" \/>\n<meta property=\"og:image\" content=\"https:\/\/aprendoencasayenclase.mineduc.gob.gt\/wp-content\/uploads\/BLOG251.jpg\" \/>\n\t<meta property=\"og:image:width\" content=\"500\" \/>\n\t<meta property=\"og:image:height\" content=\"333\" \/>\n\t<meta property=\"og:image:type\" content=\"image\/jpeg\" \/>\n<meta name=\"author\" content=\"Carol\" \/>\n<meta name=\"twitter:card\" content=\"summary_large_image\" \/>\n<meta name=\"twitter:label1\" content=\"Written by\" \/>\n\t<meta name=\"twitter:data1\" content=\"Carol\" \/>\n\t<meta name=\"twitter:label2\" content=\"Est. reading time\" \/>\n\t<meta name=\"twitter:data2\" content=\"2 minutos\" \/>\n<script type=\"application\/ld+json\" class=\"yoast-schema-graph\">{\"@context\":\"https:\/\/schema.org\",\"@graph\":[{\"@type\":\"WebPage\",\"@id\":\"https:\/\/aprendoencasayenclase.mineduc.gob.gt\/index.php\/337-liderazgo-docente-ante-escuelas-cerradas-por-crisis-sanitaria\/\",\"url\":\"https:\/\/aprendoencasayenclase.mineduc.gob.gt\/index.php\/337-liderazgo-docente-ante-escuelas-cerradas-por-crisis-sanitaria\/\",\"name\":\"Liderazgo docente ante escuelas cerradas por crisis sanitaria - Aprendoencasayenclase\",\"isPartOf\":{\"@id\":\"https:\/\/aprendoencasayenclase.mineduc.gob.gt\/#website\"},\"datePublished\":\"2020-12-10T04:32:00+00:00\",\"dateModified\":\"2020-12-13T04:21:55+00:00\",\"author\":{\"@id\":\"https:\/\/aprendoencasayenclase.mineduc.gob.gt\/#\/schema\/person\/b00626ff84896a881d73da8ba45cf532\"},\"breadcrumb\":{\"@id\":\"https:\/\/aprendoencasayenclase.mineduc.gob.gt\/index.php\/337-liderazgo-docente-ante-escuelas-cerradas-por-crisis-sanitaria\/#breadcrumb\"},\"inLanguage\":\"es\",\"potentialAction\":[{\"@type\":\"ReadAction\",\"target\":[\"https:\/\/aprendoencasayenclase.mineduc.gob.gt\/index.php\/337-liderazgo-docente-ante-escuelas-cerradas-por-crisis-sanitaria\/\"]}]},{\"@type\":\"BreadcrumbList\",\"@id\":\"https:\/\/aprendoencasayenclase.mineduc.gob.gt\/index.php\/337-liderazgo-docente-ante-escuelas-cerradas-por-crisis-sanitaria\/#breadcrumb\",\"itemListElement\":[{\"@type\":\"ListItem\",\"position\":1,\"name\":\"Inicio\",\"item\":\"https:\/\/aprendoencasayenclase.mineduc.gob.gt\/\"},{\"@type\":\"ListItem\",\"position\":2,\"name\":\"Liderazgo docente ante escuelas cerradas por crisis sanitaria\"}]},{\"@type\":\"WebSite\",\"@id\":\"https:\/\/aprendoencasayenclase.mineduc.gob.gt\/#website\",\"url\":\"https:\/\/aprendoencasayenclase.mineduc.gob.gt\/\",\"name\":\"Aprendoencasa\",\"description\":\"Aprendo\",\"potentialAction\":[{\"@type\":\"SearchAction\",\"target\":{\"@type\":\"EntryPoint\",\"urlTemplate\":\"https:\/\/aprendoencasayenclase.mineduc.gob.gt\/?s={search_term_string}\"},\"query-input\":\"required name=search_term_string\"}],\"inLanguage\":\"es\"},{\"@type\":\"Person\",\"@id\":\"https:\/\/aprendoencasayenclase.mineduc.gob.gt\/#\/schema\/person\/b00626ff84896a881d73da8ba45cf532\",\"name\":\"Carol\",\"image\":{\"@type\":\"ImageObject\",\"inLanguage\":\"es\",\"@id\":\"https:\/\/aprendoencasayenclase.mineduc.gob.gt\/#\/schema\/person\/image\/\",\"url\":\"https:\/\/secure.gravatar.com\/avatar\/735ef63d5236371005ec1f5ddf4e7bb9?s=96&d=mm&r=g\",\"contentUrl\":\"https:\/\/secure.gravatar.com\/avatar\/735ef63d5236371005ec1f5ddf4e7bb9?s=96&d=mm&r=g\",\"caption\":\"Carol\"},\"url\":\"https:\/\/aprendoencasayenclase.mineduc.gob.gt\/index.php\/author\/carol\/\"}]}<\/script>\n<!-- \/ Yoast SEO plugin. -->","yoast_head_json":{"title":"Liderazgo docente ante escuelas cerradas por crisis sanitaria - Aprendoencasayenclase","robots":{"index":"index","follow":"follow","max-snippet":"max-snippet:-1","max-image-preview":"max-image-preview:large","max-video-preview":"max-video-preview:-1"},"canonical":"https:\/\/aprendoencasayenclase.mineduc.gob.gt\/index.php\/337-liderazgo-docente-ante-escuelas-cerradas-por-crisis-sanitaria\/","og_locale":"es_ES","og_type":"article","og_title":"Liderazgo docente ante escuelas cerradas por crisis sanitaria - Aprendoencasayenclase","og_description":"Por: Miguel Angel Franco, Universidad Panamericana","og_url":"https:\/\/aprendoencasayenclase.mineduc.gob.gt\/index.php\/337-liderazgo-docente-ante-escuelas-cerradas-por-crisis-sanitaria\/","og_site_name":"Aprendoencasayenclase","article_published_time":"2020-12-10T04:32:00+00:00","article_modified_time":"2020-12-13T04:21:55+00:00","og_image":[{"width":500,"height":333,"url":"https:\/\/aprendoencasayenclase.mineduc.gob.gt\/wp-content\/uploads\/BLOG251.jpg","type":"image\/jpeg"}],"author":"Carol","twitter_card":"summary_large_image","twitter_misc":{"Written by":"Carol","Est. reading time":"2 minutos"},"schema":{"@context":"https:\/\/schema.org","@graph":[{"@type":"WebPage","@id":"https:\/\/aprendoencasayenclase.mineduc.gob.gt\/index.php\/337-liderazgo-docente-ante-escuelas-cerradas-por-crisis-sanitaria\/","url":"https:\/\/aprendoencasayenclase.mineduc.gob.gt\/index.php\/337-liderazgo-docente-ante-escuelas-cerradas-por-crisis-sanitaria\/","name":"Liderazgo docente ante escuelas cerradas por crisis sanitaria - Aprendoencasayenclase","isPartOf":{"@id":"https:\/\/aprendoencasayenclase.mineduc.gob.gt\/#website"},"datePublished":"2020-12-10T04:32:00+00:00","dateModified":"2020-12-13T04:21:55+00:00","author":{"@id":"https:\/\/aprendoencasayenclase.mineduc.gob.gt\/#\/schema\/person\/b00626ff84896a881d73da8ba45cf532"},"breadcrumb":{"@id":"https:\/\/aprendoencasayenclase.mineduc.gob.gt\/index.php\/337-liderazgo-docente-ante-escuelas-cerradas-por-crisis-sanitaria\/#breadcrumb"},"inLanguage":"es","potentialAction":[{"@type":"ReadAction","target":["https:\/\/aprendoencasayenclase.mineduc.gob.gt\/index.php\/337-liderazgo-docente-ante-escuelas-cerradas-por-crisis-sanitaria\/"]}]},{"@type":"BreadcrumbList","@id":"https:\/\/aprendoencasayenclase.mineduc.gob.gt\/index.php\/337-liderazgo-docente-ante-escuelas-cerradas-por-crisis-sanitaria\/#breadcrumb","itemListElement":[{"@type":"ListItem","position":1,"name":"Inicio","item":"https:\/\/aprendoencasayenclase.mineduc.gob.gt\/"},{"@type":"ListItem","position":2,"name":"Liderazgo docente ante escuelas cerradas por crisis sanitaria"}]},{"@type":"WebSite","@id":"https:\/\/aprendoencasayenclase.mineduc.gob.gt\/#website","url":"https:\/\/aprendoencasayenclase.mineduc.gob.gt\/","name":"Aprendoencasa","description":"Aprendo","potentialAction":[{"@type":"SearchAction","target":{"@type":"EntryPoint","urlTemplate":"https:\/\/aprendoencasayenclase.mineduc.gob.gt\/?s={search_term_string}"},"query-input":"required name=search_term_string"}],"inLanguage":"es"},{"@type":"Person","@id":"https:\/\/aprendoencasayenclase.mineduc.gob.gt\/#\/schema\/person\/b00626ff84896a881d73da8ba45cf532","name":"Carol","image":{"@type":"ImageObject","inLanguage":"es","@id":"https:\/\/aprendoencasayenclase.mineduc.gob.gt\/#\/schema\/person\/image\/","url":"https:\/\/secure.gravatar.com\/avatar\/735ef63d5236371005ec1f5ddf4e7bb9?s=96&d=mm&r=g","contentUrl":"https:\/\/secure.gravatar.com\/avatar\/735ef63d5236371005ec1f5ddf4e7bb9?s=96&d=mm&r=g","caption":"Carol"},"url":"https:\/\/aprendoencasayenclase.mineduc.gob.gt\/index.php\/author\/carol\/"}]}},"_links":{"self":[{"href":"https:\/\/aprendoencasayenclase.mineduc.gob.gt\/index.php\/wp-json\/wp\/v2\/posts\/15842"}],"collection":[{"href":"https:\/\/aprendoencasayenclase.mineduc.gob.gt\/index.php\/wp-json\/wp\/v2\/posts"}],"about":[{"href":"https:\/\/aprendoencasayenclase.mineduc.gob.gt\/index.php\/wp-json\/wp\/v2\/types\/post"}],"author":[{"embeddable":true,"href":"https:\/\/aprendoencasayenclase.mineduc.gob.gt\/index.php\/wp-json\/wp\/v2\/users\/3"}],"replies":[{"embeddable":true,"href":"https:\/\/aprendoencasayenclase.mineduc.gob.gt\/index.php\/wp-json\/wp\/v2\/comments?post=15842"}],"version-history":[{"count":2,"href":"https:\/\/aprendoencasayenclase.mineduc.gob.gt\/index.php\/wp-json\/wp\/v2\/posts\/15842\/revisions"}],"predecessor-version":[{"id":16073,"href":"https:\/\/aprendoencasayenclase.mineduc.gob.gt\/index.php\/wp-json\/wp\/v2\/posts\/15842\/revisions\/16073"}],"wp:featuredmedia":[{"embeddable":true,"href":"https:\/\/aprendoencasayenclase.mineduc.gob.gt\/index.php\/wp-json\/wp\/v2\/media\/15843"}],"wp:attachment":[{"href":"https:\/\/aprendoencasayenclase.mineduc.gob.gt\/index.php\/wp-json\/wp\/v2\/media?parent=15842"}],"wp:term":[{"taxonomy":"category","embeddable":true,"href":"https:\/\/aprendoencasayenclase.mineduc.gob.gt\/index.php\/wp-json\/wp\/v2\/categories?post=15842"},{"taxonomy":"post_tag","embeddable":true,"href":"https:\/\/aprendoencasayenclase.mineduc.gob.gt\/index.php\/wp-json\/wp\/v2\/tags?post=15842"}],"curies":[{"name":"wp","href":"https:\/\/api.w.org\/{rel}","templated":true}]}}