{"id":15807,"date":"2020-12-09T18:57:08","date_gmt":"2020-12-10T00:57:08","guid":{"rendered":"https:\/\/aprendoencasa2.mineduc.gob.gt\/?p=15807"},"modified":"2020-12-09T20:33:53","modified_gmt":"2020-12-10T02:33:53","slug":"307-cuidando-mi-salud-fisica-y-mental","status":"publish","type":"post","link":"https:\/\/aprendoencasayenclase.mineduc.gob.gt\/index.php\/307-cuidando-mi-salud-fisica-y-mental\/","title":{"rendered":"Cuidando mi salud f\u00edsica y mental"},"content":{"rendered":"\n<div class=\"wp-block-image\"><figure class=\"aligncenter size-large is-resized\"><img loading=\"lazy\" src=\"https:\/\/aprendoencasayenclase.mineduc.gob.gt\/wp-content\/uploads\/URL-Cuidando_mi_salud_fsica_y_mental-180620201-410x1024.jpg\" alt=\"\" class=\"wp-image-15808\" width=\"475\" height=\"1187\" srcset=\"https:\/\/aprendoencasayenclase.mineduc.gob.gt\/wp-content\/uploads\/URL-Cuidando_mi_salud_fsica_y_mental-180620201-410x1024.jpg 410w, https:\/\/aprendoencasayenclase.mineduc.gob.gt\/wp-content\/uploads\/URL-Cuidando_mi_salud_fsica_y_mental-180620201-120x300.jpg 120w, https:\/\/aprendoencasayenclase.mineduc.gob.gt\/wp-content\/uploads\/URL-Cuidando_mi_salud_fsica_y_mental-180620201-768x1920.jpg 768w, https:\/\/aprendoencasayenclase.mineduc.gob.gt\/wp-content\/uploads\/URL-Cuidando_mi_salud_fsica_y_mental-180620201-615x1536.jpg 615w, https:\/\/aprendoencasayenclase.mineduc.gob.gt\/wp-content\/uploads\/URL-Cuidando_mi_salud_fsica_y_mental-180620201-819x2048.jpg 819w, https:\/\/aprendoencasayenclase.mineduc.gob.gt\/wp-content\/uploads\/URL-Cuidando_mi_salud_fsica_y_mental-180620201-750x1875.jpg 750w, https:\/\/aprendoencasayenclase.mineduc.gob.gt\/wp-content\/uploads\/URL-Cuidando_mi_salud_fsica_y_mental-180620201-540x1350.jpg 540w, https:\/\/aprendoencasayenclase.mineduc.gob.gt\/wp-content\/uploads\/URL-Cuidando_mi_salud_fsica_y_mental-180620201.jpg 909w\" sizes=\"(max-width: 475px) 100vw, 475px\" \/><\/figure><\/div>\n","protected":false},"excerpt":{"rendered":"<p>Por: Ethel Valdes, L\u00e1zaro Garc\u00eda, Mar\u00eda Jos\u00e9 Lanuza, Ma\u00eda Jos\u00e9 Rafael, M\u00f3nica Zelada, Valeria Murga y Mgtr. Beverly Humes<br \/>\nUniversidad Rafael Land\u00edvar.<\/p>\n","protected":false},"author":1,"featured_media":15808,"comment_status":"closed","ping_status":"closed","sticky":false,"template":"","format":"standard","meta":[],"categories":[154],"tags":[],"yoast_head":"<!-- This site is optimized with the Yoast SEO plugin v19.6.1 - https:\/\/yoast.com\/wordpress\/plugins\/seo\/ -->\n<title>Cuidando mi salud f\u00edsica y mental - Aprendoencasayenclase<\/title>\n<meta name=\"robots\" content=\"index, follow, max-snippet:-1, max-image-preview:large, max-video-preview:-1\" \/>\n<link rel=\"canonical\" href=\"https:\/\/aprendoencasayenclase.mineduc.gob.gt\/index.php\/307-cuidando-mi-salud-fisica-y-mental\/\" \/>\n<meta property=\"og:locale\" content=\"es_ES\" \/>\n<meta property=\"og:type\" content=\"article\" \/>\n<meta property=\"og:title\" content=\"Cuidando mi salud f\u00edsica y mental - Aprendoencasayenclase\" \/>\n<meta property=\"og:description\" content=\"Por: Ethel Valdes, L\u00e1zaro Garc\u00eda, Mar\u00eda Jos\u00e9 Lanuza, Ma\u00eda Jos\u00e9 Rafael, M\u00f3nica Zelada, Valeria Murga y Mgtr. Beverly Humes Universidad Rafael Land\u00edvar.\" \/>\n<meta property=\"og:url\" content=\"https:\/\/aprendoencasayenclase.mineduc.gob.gt\/index.php\/307-cuidando-mi-salud-fisica-y-mental\/\" \/>\n<meta property=\"og:site_name\" content=\"Aprendoencasayenclase\" \/>\n<meta property=\"article:published_time\" content=\"2020-12-10T00:57:08+00:00\" \/>\n<meta property=\"article:modified_time\" content=\"2020-12-10T02:33:53+00:00\" \/>\n<meta property=\"og:image\" content=\"https:\/\/aprendoencasayenclase.mineduc.gob.gt\/wp-content\/uploads\/URL-Cuidando_mi_salud_fsica_y_mental-180620201.jpg\" \/>\n\t<meta property=\"og:image:width\" content=\"909\" \/>\n\t<meta property=\"og:image:height\" content=\"2272\" \/>\n\t<meta property=\"og:image:type\" content=\"image\/jpeg\" \/>\n<meta name=\"author\" content=\"serviciosinfra\" \/>\n<meta name=\"twitter:card\" content=\"summary_large_image\" \/>\n<meta name=\"twitter:label1\" content=\"Written by\" \/>\n\t<meta name=\"twitter:data1\" content=\"serviciosinfra\" \/>\n<script type=\"application\/ld+json\" class=\"yoast-schema-graph\">{\"@context\":\"https:\/\/schema.org\",\"@graph\":[{\"@type\":\"WebPage\",\"@id\":\"https:\/\/aprendoencasayenclase.mineduc.gob.gt\/index.php\/307-cuidando-mi-salud-fisica-y-mental\/\",\"url\":\"https:\/\/aprendoencasayenclase.mineduc.gob.gt\/index.php\/307-cuidando-mi-salud-fisica-y-mental\/\",\"name\":\"Cuidando mi salud f\u00edsica y mental - Aprendoencasayenclase\",\"isPartOf\":{\"@id\":\"https:\/\/aprendoencasayenclase.mineduc.gob.gt\/#website\"},\"datePublished\":\"2020-12-10T00:57:08+00:00\",\"dateModified\":\"2020-12-10T02:33:53+00:00\",\"author\":{\"@id\":\"https:\/\/aprendoencasayenclase.mineduc.gob.gt\/#\/schema\/person\/8983307eb6964c0bea347da9d7a97aab\"},\"breadcrumb\":{\"@id\":\"https:\/\/aprendoencasayenclase.mineduc.gob.gt\/index.php\/307-cuidando-mi-salud-fisica-y-mental\/#breadcrumb\"},\"inLanguage\":\"es\",\"potentialAction\":[{\"@type\":\"ReadAction\",\"target\":[\"https:\/\/aprendoencasayenclase.mineduc.gob.gt\/index.php\/307-cuidando-mi-salud-fisica-y-mental\/\"]}]},{\"@type\":\"BreadcrumbList\",\"@id\":\"https:\/\/aprendoencasayenclase.mineduc.gob.gt\/index.php\/307-cuidando-mi-salud-fisica-y-mental\/#breadcrumb\",\"itemListElement\":[{\"@type\":\"ListItem\",\"position\":1,\"name\":\"Inicio\",\"item\":\"https:\/\/aprendoencasayenclase.mineduc.gob.gt\/\"},{\"@type\":\"ListItem\",\"position\":2,\"name\":\"Cuidando mi salud f\u00edsica y mental\"}]},{\"@type\":\"WebSite\",\"@id\":\"https:\/\/aprendoencasayenclase.mineduc.gob.gt\/#website\",\"url\":\"https:\/\/aprendoencasayenclase.mineduc.gob.gt\/\",\"name\":\"Aprendoencasa\",\"description\":\"Aprendo\",\"potentialAction\":[{\"@type\":\"SearchAction\",\"target\":{\"@type\":\"EntryPoint\",\"urlTemplate\":\"https:\/\/aprendoencasayenclase.mineduc.gob.gt\/?s={search_term_string}\"},\"query-input\":\"required name=search_term_string\"}],\"inLanguage\":\"es\"},{\"@type\":\"Person\",\"@id\":\"https:\/\/aprendoencasayenclase.mineduc.gob.gt\/#\/schema\/person\/8983307eb6964c0bea347da9d7a97aab\",\"name\":\"serviciosinfra\",\"image\":{\"@type\":\"ImageObject\",\"inLanguage\":\"es\",\"@id\":\"https:\/\/aprendoencasayenclase.mineduc.gob.gt\/#\/schema\/person\/image\/\",\"url\":\"https:\/\/secure.gravatar.com\/avatar\/877b9a3b562d27a2b5c34cb75bc31c50?s=96&d=mm&r=g\",\"contentUrl\":\"https:\/\/secure.gravatar.com\/avatar\/877b9a3b562d27a2b5c34cb75bc31c50?s=96&d=mm&r=g\",\"caption\":\"serviciosinfra\"},\"sameAs\":[\"https:\/\/aprendoencasayenclase.mineduc.gob.gt\"],\"url\":\"https:\/\/aprendoencasayenclase.mineduc.gob.gt\/index.php\/author\/serviciosinfra\/\"}]}<\/script>\n<!-- \/ Yoast SEO plugin. -->","yoast_head_json":{"title":"Cuidando mi salud f\u00edsica y mental - Aprendoencasayenclase","robots":{"index":"index","follow":"follow","max-snippet":"max-snippet:-1","max-image-preview":"max-image-preview:large","max-video-preview":"max-video-preview:-1"},"canonical":"https:\/\/aprendoencasayenclase.mineduc.gob.gt\/index.php\/307-cuidando-mi-salud-fisica-y-mental\/","og_locale":"es_ES","og_type":"article","og_title":"Cuidando mi salud f\u00edsica y mental - Aprendoencasayenclase","og_description":"Por: Ethel Valdes, L\u00e1zaro Garc\u00eda, Mar\u00eda Jos\u00e9 Lanuza, Ma\u00eda Jos\u00e9 Rafael, M\u00f3nica Zelada, Valeria Murga y Mgtr. Beverly Humes Universidad Rafael Land\u00edvar.","og_url":"https:\/\/aprendoencasayenclase.mineduc.gob.gt\/index.php\/307-cuidando-mi-salud-fisica-y-mental\/","og_site_name":"Aprendoencasayenclase","article_published_time":"2020-12-10T00:57:08+00:00","article_modified_time":"2020-12-10T02:33:53+00:00","og_image":[{"width":909,"height":2272,"url":"https:\/\/aprendoencasayenclase.mineduc.gob.gt\/wp-content\/uploads\/URL-Cuidando_mi_salud_fsica_y_mental-180620201.jpg","type":"image\/jpeg"}],"author":"serviciosinfra","twitter_card":"summary_large_image","twitter_misc":{"Written by":"serviciosinfra"},"schema":{"@context":"https:\/\/schema.org","@graph":[{"@type":"WebPage","@id":"https:\/\/aprendoencasayenclase.mineduc.gob.gt\/index.php\/307-cuidando-mi-salud-fisica-y-mental\/","url":"https:\/\/aprendoencasayenclase.mineduc.gob.gt\/index.php\/307-cuidando-mi-salud-fisica-y-mental\/","name":"Cuidando mi salud f\u00edsica y mental - Aprendoencasayenclase","isPartOf":{"@id":"https:\/\/aprendoencasayenclase.mineduc.gob.gt\/#website"},"datePublished":"2020-12-10T00:57:08+00:00","dateModified":"2020-12-10T02:33:53+00:00","author":{"@id":"https:\/\/aprendoencasayenclase.mineduc.gob.gt\/#\/schema\/person\/8983307eb6964c0bea347da9d7a97aab"},"breadcrumb":{"@id":"https:\/\/aprendoencasayenclase.mineduc.gob.gt\/index.php\/307-cuidando-mi-salud-fisica-y-mental\/#breadcrumb"},"inLanguage":"es","potentialAction":[{"@type":"ReadAction","target":["https:\/\/aprendoencasayenclase.mineduc.gob.gt\/index.php\/307-cuidando-mi-salud-fisica-y-mental\/"]}]},{"@type":"BreadcrumbList","@id":"https:\/\/aprendoencasayenclase.mineduc.gob.gt\/index.php\/307-cuidando-mi-salud-fisica-y-mental\/#breadcrumb","itemListElement":[{"@type":"ListItem","position":1,"name":"Inicio","item":"https:\/\/aprendoencasayenclase.mineduc.gob.gt\/"},{"@type":"ListItem","position":2,"name":"Cuidando mi salud f\u00edsica y mental"}]},{"@type":"WebSite","@id":"https:\/\/aprendoencasayenclase.mineduc.gob.gt\/#website","url":"https:\/\/aprendoencasayenclase.mineduc.gob.gt\/","name":"Aprendoencasa","description":"Aprendo","potentialAction":[{"@type":"SearchAction","target":{"@type":"EntryPoint","urlTemplate":"https:\/\/aprendoencasayenclase.mineduc.gob.gt\/?s={search_term_string}"},"query-input":"required name=search_term_string"}],"inLanguage":"es"},{"@type":"Person","@id":"https:\/\/aprendoencasayenclase.mineduc.gob.gt\/#\/schema\/person\/8983307eb6964c0bea347da9d7a97aab","name":"serviciosinfra","image":{"@type":"ImageObject","inLanguage":"es","@id":"https:\/\/aprendoencasayenclase.mineduc.gob.gt\/#\/schema\/person\/image\/","url":"https:\/\/secure.gravatar.com\/avatar\/877b9a3b562d27a2b5c34cb75bc31c50?s=96&d=mm&r=g","contentUrl":"https:\/\/secure.gravatar.com\/avatar\/877b9a3b562d27a2b5c34cb75bc31c50?s=96&d=mm&r=g","caption":"serviciosinfra"},"sameAs":["https:\/\/aprendoencasayenclase.mineduc.gob.gt"],"url":"https:\/\/aprendoencasayenclase.mineduc.gob.gt\/index.php\/author\/serviciosinfra\/"}]}},"_links":{"self":[{"href":"https:\/\/aprendoencasayenclase.mineduc.gob.gt\/index.php\/wp-json\/wp\/v2\/posts\/15807"}],"collection":[{"href":"https:\/\/aprendoencasayenclase.mineduc.gob.gt\/index.php\/wp-json\/wp\/v2\/posts"}],"about":[{"href":"https:\/\/aprendoencasayenclase.mineduc.gob.gt\/index.php\/wp-json\/wp\/v2\/types\/post"}],"author":[{"embeddable":true,"href":"https:\/\/aprendoencasayenclase.mineduc.gob.gt\/index.php\/wp-json\/wp\/v2\/users\/1"}],"replies":[{"embeddable":true,"href":"https:\/\/aprendoencasayenclase.mineduc.gob.gt\/index.php\/wp-json\/wp\/v2\/comments?post=15807"}],"version-history":[{"count":3,"href":"https:\/\/aprendoencasayenclase.mineduc.gob.gt\/index.php\/wp-json\/wp\/v2\/posts\/15807\/revisions"}],"predecessor-version":[{"id":15820,"href":"https:\/\/aprendoencasayenclase.mineduc.gob.gt\/index.php\/wp-json\/wp\/v2\/posts\/15807\/revisions\/15820"}],"wp:featuredmedia":[{"embeddable":true,"href":"https:\/\/aprendoencasayenclase.mineduc.gob.gt\/index.php\/wp-json\/wp\/v2\/media\/15808"}],"wp:attachment":[{"href":"https:\/\/aprendoencasayenclase.mineduc.gob.gt\/index.php\/wp-json\/wp\/v2\/media?parent=15807"}],"wp:term":[{"taxonomy":"category","embeddable":true,"href":"https:\/\/aprendoencasayenclase.mineduc.gob.gt\/index.php\/wp-json\/wp\/v2\/categories?post=15807"},{"taxonomy":"post_tag","embeddable":true,"href":"https:\/\/aprendoencasayenclase.mineduc.gob.gt\/index.php\/wp-json\/wp\/v2\/tags?post=15807"}],"curies":[{"name":"wp","href":"https:\/\/api.w.org\/{rel}","templated":true}]}}