{"id":15800,"date":"2020-12-09T18:23:38","date_gmt":"2020-12-10T00:23:38","guid":{"rendered":"https:\/\/aprendoencasa2.mineduc.gob.gt\/?p=15800"},"modified":"2020-12-09T18:24:52","modified_gmt":"2020-12-10T00:24:52","slug":"303-el-sol-nos-ilumina-cada-dia","status":"publish","type":"post","link":"https:\/\/aprendoencasayenclase.mineduc.gob.gt\/index.php\/303-el-sol-nos-ilumina-cada-dia\/","title":{"rendered":"El sol nos ilumina cada d\u00eda"},"content":{"rendered":"\n<div class=\"wp-block-image\"><figure class=\"aligncenter size-large\"><img src=\"https:\/\/aprendoencasayenclase.mineduc.gob.gt\/images\/sampledata\/asimages\/blog\/infografias\/infografia_El_Sol_Fernando_Jos.jpg\" alt=\"\"\/><\/figure><\/div>\n","protected":false},"excerpt":{"rendered":"<p>Por ni\u00f1o: Fernando Jos\u00e9 Gonz\u00e1lez Enr\u00edquez<\/p>\n","protected":false},"author":1,"featured_media":15452,"comment_status":"closed","ping_status":"closed","sticky":false,"template":"","format":"standard","meta":[],"categories":[154],"tags":[],"yoast_head":"<!-- This site is optimized with the Yoast SEO plugin v19.6.1 - https:\/\/yoast.com\/wordpress\/plugins\/seo\/ -->\n<title>El sol nos ilumina cada d\u00eda - Aprendoencasayenclase<\/title>\n<meta name=\"robots\" content=\"index, follow, max-snippet:-1, max-image-preview:large, max-video-preview:-1\" \/>\n<link rel=\"canonical\" href=\"https:\/\/aprendoencasayenclase.mineduc.gob.gt\/index.php\/303-el-sol-nos-ilumina-cada-dia\/\" \/>\n<meta property=\"og:locale\" content=\"es_ES\" \/>\n<meta property=\"og:type\" content=\"article\" \/>\n<meta property=\"og:title\" content=\"El sol nos ilumina cada d\u00eda - Aprendoencasayenclase\" \/>\n<meta property=\"og:description\" content=\"Por ni\u00f1o: Fernando Jos\u00e9 Gonz\u00e1lez Enr\u00edquez\" \/>\n<meta property=\"og:url\" content=\"https:\/\/aprendoencasayenclase.mineduc.gob.gt\/index.php\/303-el-sol-nos-ilumina-cada-dia\/\" \/>\n<meta property=\"og:site_name\" content=\"Aprendoencasayenclase\" \/>\n<meta property=\"article:published_time\" content=\"2020-12-10T00:23:38+00:00\" \/>\n<meta property=\"article:modified_time\" content=\"2020-12-10T00:24:52+00:00\" \/>\n<meta property=\"og:image\" content=\"https:\/\/aprendoencasayenclase.mineduc.gob.gt\/wp-content\/uploads\/infografia_El_Sol_Fernando_Jos1.jpg\" \/>\n\t<meta property=\"og:image:width\" content=\"1240\" \/>\n\t<meta property=\"og:image:height\" content=\"1754\" \/>\n\t<meta property=\"og:image:type\" content=\"image\/jpeg\" \/>\n<meta name=\"author\" content=\"serviciosinfra\" \/>\n<meta name=\"twitter:card\" content=\"summary_large_image\" \/>\n<meta name=\"twitter:label1\" content=\"Written by\" \/>\n\t<meta name=\"twitter:data1\" content=\"serviciosinfra\" \/>\n<script type=\"application\/ld+json\" class=\"yoast-schema-graph\">{\"@context\":\"https:\/\/schema.org\",\"@graph\":[{\"@type\":\"WebPage\",\"@id\":\"https:\/\/aprendoencasayenclase.mineduc.gob.gt\/index.php\/303-el-sol-nos-ilumina-cada-dia\/\",\"url\":\"https:\/\/aprendoencasayenclase.mineduc.gob.gt\/index.php\/303-el-sol-nos-ilumina-cada-dia\/\",\"name\":\"El sol nos ilumina cada d\u00eda - Aprendoencasayenclase\",\"isPartOf\":{\"@id\":\"https:\/\/aprendoencasayenclase.mineduc.gob.gt\/#website\"},\"datePublished\":\"2020-12-10T00:23:38+00:00\",\"dateModified\":\"2020-12-10T00:24:52+00:00\",\"author\":{\"@id\":\"https:\/\/aprendoencasayenclase.mineduc.gob.gt\/#\/schema\/person\/8983307eb6964c0bea347da9d7a97aab\"},\"breadcrumb\":{\"@id\":\"https:\/\/aprendoencasayenclase.mineduc.gob.gt\/index.php\/303-el-sol-nos-ilumina-cada-dia\/#breadcrumb\"},\"inLanguage\":\"es\",\"potentialAction\":[{\"@type\":\"ReadAction\",\"target\":[\"https:\/\/aprendoencasayenclase.mineduc.gob.gt\/index.php\/303-el-sol-nos-ilumina-cada-dia\/\"]}]},{\"@type\":\"BreadcrumbList\",\"@id\":\"https:\/\/aprendoencasayenclase.mineduc.gob.gt\/index.php\/303-el-sol-nos-ilumina-cada-dia\/#breadcrumb\",\"itemListElement\":[{\"@type\":\"ListItem\",\"position\":1,\"name\":\"Inicio\",\"item\":\"https:\/\/aprendoencasayenclase.mineduc.gob.gt\/\"},{\"@type\":\"ListItem\",\"position\":2,\"name\":\"El sol nos ilumina cada d\u00eda\"}]},{\"@type\":\"WebSite\",\"@id\":\"https:\/\/aprendoencasayenclase.mineduc.gob.gt\/#website\",\"url\":\"https:\/\/aprendoencasayenclase.mineduc.gob.gt\/\",\"name\":\"Aprendoencasa\",\"description\":\"Aprendo\",\"potentialAction\":[{\"@type\":\"SearchAction\",\"target\":{\"@type\":\"EntryPoint\",\"urlTemplate\":\"https:\/\/aprendoencasayenclase.mineduc.gob.gt\/?s={search_term_string}\"},\"query-input\":\"required name=search_term_string\"}],\"inLanguage\":\"es\"},{\"@type\":\"Person\",\"@id\":\"https:\/\/aprendoencasayenclase.mineduc.gob.gt\/#\/schema\/person\/8983307eb6964c0bea347da9d7a97aab\",\"name\":\"serviciosinfra\",\"image\":{\"@type\":\"ImageObject\",\"inLanguage\":\"es\",\"@id\":\"https:\/\/aprendoencasayenclase.mineduc.gob.gt\/#\/schema\/person\/image\/\",\"url\":\"https:\/\/secure.gravatar.com\/avatar\/877b9a3b562d27a2b5c34cb75bc31c50?s=96&d=mm&r=g\",\"contentUrl\":\"https:\/\/secure.gravatar.com\/avatar\/877b9a3b562d27a2b5c34cb75bc31c50?s=96&d=mm&r=g\",\"caption\":\"serviciosinfra\"},\"sameAs\":[\"https:\/\/aprendoencasayenclase.mineduc.gob.gt\"],\"url\":\"https:\/\/aprendoencasayenclase.mineduc.gob.gt\/index.php\/author\/serviciosinfra\/\"}]}<\/script>\n<!-- \/ Yoast SEO plugin. -->","yoast_head_json":{"title":"El sol nos ilumina cada d\u00eda - Aprendoencasayenclase","robots":{"index":"index","follow":"follow","max-snippet":"max-snippet:-1","max-image-preview":"max-image-preview:large","max-video-preview":"max-video-preview:-1"},"canonical":"https:\/\/aprendoencasayenclase.mineduc.gob.gt\/index.php\/303-el-sol-nos-ilumina-cada-dia\/","og_locale":"es_ES","og_type":"article","og_title":"El sol nos ilumina cada d\u00eda - Aprendoencasayenclase","og_description":"Por ni\u00f1o: Fernando Jos\u00e9 Gonz\u00e1lez Enr\u00edquez","og_url":"https:\/\/aprendoencasayenclase.mineduc.gob.gt\/index.php\/303-el-sol-nos-ilumina-cada-dia\/","og_site_name":"Aprendoencasayenclase","article_published_time":"2020-12-10T00:23:38+00:00","article_modified_time":"2020-12-10T00:24:52+00:00","og_image":[{"width":1240,"height":1754,"url":"https:\/\/aprendoencasayenclase.mineduc.gob.gt\/wp-content\/uploads\/infografia_El_Sol_Fernando_Jos1.jpg","type":"image\/jpeg"}],"author":"serviciosinfra","twitter_card":"summary_large_image","twitter_misc":{"Written by":"serviciosinfra"},"schema":{"@context":"https:\/\/schema.org","@graph":[{"@type":"WebPage","@id":"https:\/\/aprendoencasayenclase.mineduc.gob.gt\/index.php\/303-el-sol-nos-ilumina-cada-dia\/","url":"https:\/\/aprendoencasayenclase.mineduc.gob.gt\/index.php\/303-el-sol-nos-ilumina-cada-dia\/","name":"El sol nos ilumina cada d\u00eda - Aprendoencasayenclase","isPartOf":{"@id":"https:\/\/aprendoencasayenclase.mineduc.gob.gt\/#website"},"datePublished":"2020-12-10T00:23:38+00:00","dateModified":"2020-12-10T00:24:52+00:00","author":{"@id":"https:\/\/aprendoencasayenclase.mineduc.gob.gt\/#\/schema\/person\/8983307eb6964c0bea347da9d7a97aab"},"breadcrumb":{"@id":"https:\/\/aprendoencasayenclase.mineduc.gob.gt\/index.php\/303-el-sol-nos-ilumina-cada-dia\/#breadcrumb"},"inLanguage":"es","potentialAction":[{"@type":"ReadAction","target":["https:\/\/aprendoencasayenclase.mineduc.gob.gt\/index.php\/303-el-sol-nos-ilumina-cada-dia\/"]}]},{"@type":"BreadcrumbList","@id":"https:\/\/aprendoencasayenclase.mineduc.gob.gt\/index.php\/303-el-sol-nos-ilumina-cada-dia\/#breadcrumb","itemListElement":[{"@type":"ListItem","position":1,"name":"Inicio","item":"https:\/\/aprendoencasayenclase.mineduc.gob.gt\/"},{"@type":"ListItem","position":2,"name":"El sol nos ilumina cada d\u00eda"}]},{"@type":"WebSite","@id":"https:\/\/aprendoencasayenclase.mineduc.gob.gt\/#website","url":"https:\/\/aprendoencasayenclase.mineduc.gob.gt\/","name":"Aprendoencasa","description":"Aprendo","potentialAction":[{"@type":"SearchAction","target":{"@type":"EntryPoint","urlTemplate":"https:\/\/aprendoencasayenclase.mineduc.gob.gt\/?s={search_term_string}"},"query-input":"required name=search_term_string"}],"inLanguage":"es"},{"@type":"Person","@id":"https:\/\/aprendoencasayenclase.mineduc.gob.gt\/#\/schema\/person\/8983307eb6964c0bea347da9d7a97aab","name":"serviciosinfra","image":{"@type":"ImageObject","inLanguage":"es","@id":"https:\/\/aprendoencasayenclase.mineduc.gob.gt\/#\/schema\/person\/image\/","url":"https:\/\/secure.gravatar.com\/avatar\/877b9a3b562d27a2b5c34cb75bc31c50?s=96&d=mm&r=g","contentUrl":"https:\/\/secure.gravatar.com\/avatar\/877b9a3b562d27a2b5c34cb75bc31c50?s=96&d=mm&r=g","caption":"serviciosinfra"},"sameAs":["https:\/\/aprendoencasayenclase.mineduc.gob.gt"],"url":"https:\/\/aprendoencasayenclase.mineduc.gob.gt\/index.php\/author\/serviciosinfra\/"}]}},"_links":{"self":[{"href":"https:\/\/aprendoencasayenclase.mineduc.gob.gt\/index.php\/wp-json\/wp\/v2\/posts\/15800"}],"collection":[{"href":"https:\/\/aprendoencasayenclase.mineduc.gob.gt\/index.php\/wp-json\/wp\/v2\/posts"}],"about":[{"href":"https:\/\/aprendoencasayenclase.mineduc.gob.gt\/index.php\/wp-json\/wp\/v2\/types\/post"}],"author":[{"embeddable":true,"href":"https:\/\/aprendoencasayenclase.mineduc.gob.gt\/index.php\/wp-json\/wp\/v2\/users\/1"}],"replies":[{"embeddable":true,"href":"https:\/\/aprendoencasayenclase.mineduc.gob.gt\/index.php\/wp-json\/wp\/v2\/comments?post=15800"}],"version-history":[{"count":2,"href":"https:\/\/aprendoencasayenclase.mineduc.gob.gt\/index.php\/wp-json\/wp\/v2\/posts\/15800\/revisions"}],"predecessor-version":[{"id":15806,"href":"https:\/\/aprendoencasayenclase.mineduc.gob.gt\/index.php\/wp-json\/wp\/v2\/posts\/15800\/revisions\/15806"}],"wp:featuredmedia":[{"embeddable":true,"href":"https:\/\/aprendoencasayenclase.mineduc.gob.gt\/index.php\/wp-json\/wp\/v2\/media\/15452"}],"wp:attachment":[{"href":"https:\/\/aprendoencasayenclase.mineduc.gob.gt\/index.php\/wp-json\/wp\/v2\/media?parent=15800"}],"wp:term":[{"taxonomy":"category","embeddable":true,"href":"https:\/\/aprendoencasayenclase.mineduc.gob.gt\/index.php\/wp-json\/wp\/v2\/categories?post=15800"},{"taxonomy":"post_tag","embeddable":true,"href":"https:\/\/aprendoencasayenclase.mineduc.gob.gt\/index.php\/wp-json\/wp\/v2\/tags?post=15800"}],"curies":[{"name":"wp","href":"https:\/\/api.w.org\/{rel}","templated":true}]}}