{"id":15427,"date":"2020-12-06T17:33:32","date_gmt":"2020-12-06T23:33:32","guid":{"rendered":"https:\/\/aprendoencasa2.mineduc.gob.gt\/?p=15427"},"modified":"2020-12-10T00:44:06","modified_gmt":"2020-12-10T06:44:06","slug":"carta-de-un-profesor-a-los-padres-de-familia","status":"publish","type":"post","link":"https:\/\/aprendoencasayenclase.mineduc.gob.gt\/index.php\/carta-de-un-profesor-a-los-padres-de-familia\/","title":{"rendered":"Carta de un profesor a los padres de familia"},"content":{"rendered":"\n<p><strong>Por Ingeniero Wilhem Alejandro Bautista Hern\u00e1ndez \u2013 Universidad Mariano G\u00e1lvez \u2013\u00a0Consorcio de Universidades de Guatemala<\/strong><\/p>\n\n\n\n<div class=\"wp-block-columns\">\n<div class=\"wp-block-column\">\n<p>Al pensar en amor, seguramente visitan a nuestro coraz\u00f3n recuerdos muy preciados que est\u00e1n delicadamente protegidos en nuestra mente, relacionados con la dicha de ser padres. Cr\u00e9anme, s\u00e9 lo afortunados que son, porque al igual que ustedes, tengo la dicha de ser padre.<\/p>\n<p>Cu\u00e1ndo decid\u00ed ser profesor ten\u00eda claro dos cosas: la primera, es que desempe\u00f1ar esta labor no ser\u00eda f\u00e1cil, y la segunda, es que tarde o temprano me tendr\u00eda que acostumbrar a ejercer esta profesi\u00f3n para as\u00ed alcanzar la tan preciada zona de confort.<\/p>\n<\/div>\n\n\n\n<div class=\"wp-block-column\">\n<figure class=\"wp-block-image size-large\"><img loading=\"lazy\" width=\"500\" height=\"333\" src=\"https:\/\/aprendoencasayenclase.mineduc.gob.gt\/wp-content\/uploads\/BLOG171.jpg\" alt=\"\" class=\"wp-image-15428\" srcset=\"https:\/\/aprendoencasayenclase.mineduc.gob.gt\/wp-content\/uploads\/BLOG171.jpg 500w, https:\/\/aprendoencasayenclase.mineduc.gob.gt\/wp-content\/uploads\/BLOG171-300x200.jpg 300w\" sizes=\"(max-width: 500px) 100vw, 500px\" \/><\/figure>\n<\/div>\n<\/div>\n\n\n\n<p>Es com\u00fan que todos los d\u00edas escuchemos en las noticias e internet sobre los avances tecnol\u00f3gicos, a tal punto que ya no es algo tan descabellado pensar que el ser humano puede llegar al planeta Marte o viajar de forma comercial a la Luna, aunque pensemos que esto est\u00e1 muy lejos de ocurrir en nuestra sociedad. Debo confesar que sol\u00eda pensar que estos grandes cambios solo suceden en pa\u00edses totalmente desarrollados, pero hoy entiendo que estaba equivocado.<\/p>\n\n\n\n<p>Cuando el brote del COVID-19 inici\u00f3 en Wuhan, al igual que muchos, no cre\u00ed que llegar\u00eda a afectar nuestras vidas; sin embargo, el Covid-19 no s\u00f3lo lleg\u00f3, sino que tambi\u00e9n hizo que todo cambiara en el mundo de la noche a la ma\u00f1ana, y la supuesta zona de confort que cre\u00ed haber alcanzado en mi labor docente, desaparec\u00eda por completo y todo el conocimiento que adquir\u00ed por muchos a\u00f1os, lleg\u00f3 a significar nada y a la vez todo.<\/p>\n\n\n\n<p>Cada vez las herramientas virtuales resuelven problemas m\u00e1s complejos de una forma m\u00e1s sencilla, o esto nos gusta pensar, pero la realidad es otra; y es que en un mundo tan cambiante, humildemente debo confesar que antes de ser docente soy un aprendiz. La virtualidad lleg\u00f3 para quedarse.&nbsp;<\/p>\n\n\n\n<p>Estimado padre de familia: s\u00e9 que este cambio tan radical no ha sido f\u00e1cil de entender e inclusive de aceptar, pero es la realidad y hay que vivir con ello. No es mi deseo que piensen que estoy enviando un mensaje negativo, sino m\u00e1s bien tengan la certeza de que esto ayudar\u00e1 a que la educaci\u00f3n y la tecnolog\u00eda estrechen las manos de una vez por todas, pues, este cambio siempre hab\u00eda sido necesario pero se postergaba.<\/p>\n\n\n\n<p>Puedo asegurarles que ustedes, padres de familia, junto a sus amados hijos, han dormido muy poco estos \u00faltimos meses por causa de la virtualidad, pero tambi\u00e9n puedo asegurarles que vale la pena evolucionar a esta indispensable forma de aprendizaje. Aqu\u00ed en confianza, les cuento que al igual que ustedes, he dormido muy poco por causa de la virtualidad, pero tambi\u00e9n he de confesar que esta situaci\u00f3n ha sacado la mejor versi\u00f3n de m\u00ed mismo.<\/p>\n\n\n\n<p>En un mundo abarrotado de tecnolog\u00eda, se cree que estos avances pueden sustituir pr\u00e1cticamente todo, pero d\u00e9jenme corregir esta afirmaci\u00f3n con esta nueva: \u201cAmar es m\u00e1s que un sentimiento, es un compromiso que elegimos voluntariamente y que debemos celebrarlo todos los d\u00edas\u201d. En este caso, el amor a nuestros hijos se transform\u00f3 en la voluntad necesaria para adaptarse a la virtualidad, sin la cual la educaci\u00f3n de nuestros amados hijos ser\u00eda mucho m\u00e1s dif\u00edcil de llevar a cabo.<\/p>\n\n\n\n<p>De las dos afirmaciones que les compart\u00ed al inicio, he desechado la zona de confort y la he reemplazado por otra superior, que es: \u201ca partir de ahora el cambio ser\u00e1 inminente todos los d\u00edas y la evoluci\u00f3n es necesaria para vivir en un mundo virtualizado\u201d.<\/p>\n\n\n\n<p>Quiero invitarlos a que superemos juntos este reto, siendo pacientes con nuestros hijos, am\u00e1ndolos, atendi\u00e9ndolos y sobre todo, \u201caprendiendo juntos\u201d. Recibamos con amor este preciado regalo, el cual es el \u201ccambio\u201d y dediqu\u00e9mosles a nuestras familias tiempo de calidad.&nbsp; No sobrevivamos sino aprendamos a vivir, am\u00e9monos m\u00e1s que nunca y perdonemos hasta 70 veces siete si nos ofendemos.<\/p>\n\n\n\n<p>No se enfoquen en lo que no saben hacer, sino en lo mucho que aprender\u00e1n y en lo necesario que era que algo nos obligara a pasar m\u00e1s tiempo con nuestras familias en lugar de perderlo en cosas vanas. Al pasar los a\u00f1os, quiz\u00e1s nos recuerden como la generaci\u00f3n que vivi\u00f3 la transformaci\u00f3n digital de la educaci\u00f3n, pero yo prefiero que nos recuerden como \u201cla generaci\u00f3n que am\u00f3 m\u00e1s que nada a su familia y que esto la impuls\u00f3 a salir victoriosa de esta situaci\u00f3n\u201d.<\/p>\n\n\n\n<p>Me despido con la certeza de que ya no somos los mismos, sino m\u00e1s bien somos mejores, y que no somos mejores por la tecnolog\u00eda, sino porque aprendimos a amarnos m\u00e1s.<\/p>\n\n\n\n<p><\/p>\n\n\n\n<div class=\"wp-block-columns\">\n<div class=\"wp-block-column\">\n<div class=\"wp-block-image\"><figure class=\"alignright size-large is-resized\"><img loading=\"lazy\" src=\"https:\/\/aprendoencasayenclase.mineduc.gob.gt\/images\/sampledata\/asimages\/blog\/Logo_UMG.jpg\" alt=\"\" width=\"169\" height=\"150\"\/><\/figure><\/div>\n<\/div>\n\n\n\n<div class=\"wp-block-column\">\n<div class=\"wp-block-image\"><figure class=\"alignleft size-large is-resized\"><img loading=\"lazy\" src=\"https:\/\/aprendoencasayenclase.mineduc.gob.gt\/images\/sampledata\/asimages\/blog\/Logo_Con_Uni.png\" alt=\"\" width=\"296\" height=\"145\"\/><\/figure><\/div>\n<\/div>\n<\/div>\n","protected":false},"excerpt":{"rendered":"<p>Por Ingeniero Wilhem Alejandro Bautista Hern\u00e1ndez \u2013 Universidad Mariano G\u00e1lvez \u2013 Consorcio de Universidades de Guatemala<\/p>\n","protected":false},"author":3,"featured_media":15428,"comment_status":"closed","ping_status":"closed","sticky":false,"template":"","format":"standard","meta":[],"categories":[154],"tags":[],"yoast_head":"<!-- This site is optimized with the Yoast SEO plugin v19.6.1 - https:\/\/yoast.com\/wordpress\/plugins\/seo\/ -->\n<title>Carta de un profesor a los padres de familia - Aprendoencasayenclase<\/title>\n<meta name=\"robots\" content=\"index, follow, max-snippet:-1, max-image-preview:large, max-video-preview:-1\" \/>\n<link rel=\"canonical\" href=\"https:\/\/aprendoencasayenclase.mineduc.gob.gt\/index.php\/carta-de-un-profesor-a-los-padres-de-familia\/\" \/>\n<meta property=\"og:locale\" content=\"es_ES\" \/>\n<meta property=\"og:type\" content=\"article\" \/>\n<meta property=\"og:title\" content=\"Carta de un profesor a los padres de familia - Aprendoencasayenclase\" \/>\n<meta property=\"og:description\" content=\"Por Ingeniero Wilhem Alejandro Bautista Hern\u00e1ndez \u2013 Universidad Mariano G\u00e1lvez \u2013 Consorcio de Universidades de Guatemala\" \/>\n<meta property=\"og:url\" content=\"https:\/\/aprendoencasayenclase.mineduc.gob.gt\/index.php\/carta-de-un-profesor-a-los-padres-de-familia\/\" \/>\n<meta property=\"og:site_name\" content=\"Aprendoencasayenclase\" \/>\n<meta property=\"article:published_time\" content=\"2020-12-06T23:33:32+00:00\" \/>\n<meta property=\"article:modified_time\" content=\"2020-12-10T06:44:06+00:00\" \/>\n<meta property=\"og:image\" content=\"https:\/\/aprendoencasayenclase.mineduc.gob.gt\/wp-content\/uploads\/BLOG171.jpg\" \/>\n\t<meta property=\"og:image:width\" content=\"500\" \/>\n\t<meta property=\"og:image:height\" content=\"333\" \/>\n\t<meta property=\"og:image:type\" content=\"image\/jpeg\" \/>\n<meta name=\"author\" content=\"Carol\" \/>\n<meta name=\"twitter:card\" content=\"summary_large_image\" \/>\n<meta name=\"twitter:label1\" content=\"Written by\" \/>\n\t<meta name=\"twitter:data1\" content=\"Carol\" \/>\n\t<meta name=\"twitter:label2\" content=\"Est. reading time\" \/>\n\t<meta name=\"twitter:data2\" content=\"4 minutos\" \/>\n<script type=\"application\/ld+json\" class=\"yoast-schema-graph\">{\"@context\":\"https:\/\/schema.org\",\"@graph\":[{\"@type\":\"WebPage\",\"@id\":\"https:\/\/aprendoencasayenclase.mineduc.gob.gt\/index.php\/carta-de-un-profesor-a-los-padres-de-familia\/\",\"url\":\"https:\/\/aprendoencasayenclase.mineduc.gob.gt\/index.php\/carta-de-un-profesor-a-los-padres-de-familia\/\",\"name\":\"Carta de un profesor a los padres de familia - Aprendoencasayenclase\",\"isPartOf\":{\"@id\":\"https:\/\/aprendoencasayenclase.mineduc.gob.gt\/#website\"},\"datePublished\":\"2020-12-06T23:33:32+00:00\",\"dateModified\":\"2020-12-10T06:44:06+00:00\",\"author\":{\"@id\":\"https:\/\/aprendoencasayenclase.mineduc.gob.gt\/#\/schema\/person\/b00626ff84896a881d73da8ba45cf532\"},\"breadcrumb\":{\"@id\":\"https:\/\/aprendoencasayenclase.mineduc.gob.gt\/index.php\/carta-de-un-profesor-a-los-padres-de-familia\/#breadcrumb\"},\"inLanguage\":\"es\",\"potentialAction\":[{\"@type\":\"ReadAction\",\"target\":[\"https:\/\/aprendoencasayenclase.mineduc.gob.gt\/index.php\/carta-de-un-profesor-a-los-padres-de-familia\/\"]}]},{\"@type\":\"BreadcrumbList\",\"@id\":\"https:\/\/aprendoencasayenclase.mineduc.gob.gt\/index.php\/carta-de-un-profesor-a-los-padres-de-familia\/#breadcrumb\",\"itemListElement\":[{\"@type\":\"ListItem\",\"position\":1,\"name\":\"Inicio\",\"item\":\"https:\/\/aprendoencasayenclase.mineduc.gob.gt\/\"},{\"@type\":\"ListItem\",\"position\":2,\"name\":\"Carta de un profesor a los padres de familia\"}]},{\"@type\":\"WebSite\",\"@id\":\"https:\/\/aprendoencasayenclase.mineduc.gob.gt\/#website\",\"url\":\"https:\/\/aprendoencasayenclase.mineduc.gob.gt\/\",\"name\":\"Aprendoencasa\",\"description\":\"Aprendo\",\"potentialAction\":[{\"@type\":\"SearchAction\",\"target\":{\"@type\":\"EntryPoint\",\"urlTemplate\":\"https:\/\/aprendoencasayenclase.mineduc.gob.gt\/?s={search_term_string}\"},\"query-input\":\"required name=search_term_string\"}],\"inLanguage\":\"es\"},{\"@type\":\"Person\",\"@id\":\"https:\/\/aprendoencasayenclase.mineduc.gob.gt\/#\/schema\/person\/b00626ff84896a881d73da8ba45cf532\",\"name\":\"Carol\",\"image\":{\"@type\":\"ImageObject\",\"inLanguage\":\"es\",\"@id\":\"https:\/\/aprendoencasayenclase.mineduc.gob.gt\/#\/schema\/person\/image\/\",\"url\":\"https:\/\/secure.gravatar.com\/avatar\/735ef63d5236371005ec1f5ddf4e7bb9?s=96&d=mm&r=g\",\"contentUrl\":\"https:\/\/secure.gravatar.com\/avatar\/735ef63d5236371005ec1f5ddf4e7bb9?s=96&d=mm&r=g\",\"caption\":\"Carol\"},\"url\":\"https:\/\/aprendoencasayenclase.mineduc.gob.gt\/index.php\/author\/carol\/\"}]}<\/script>\n<!-- \/ Yoast SEO plugin. -->","yoast_head_json":{"title":"Carta de un profesor a los padres de familia - Aprendoencasayenclase","robots":{"index":"index","follow":"follow","max-snippet":"max-snippet:-1","max-image-preview":"max-image-preview:large","max-video-preview":"max-video-preview:-1"},"canonical":"https:\/\/aprendoencasayenclase.mineduc.gob.gt\/index.php\/carta-de-un-profesor-a-los-padres-de-familia\/","og_locale":"es_ES","og_type":"article","og_title":"Carta de un profesor a los padres de familia - Aprendoencasayenclase","og_description":"Por Ingeniero Wilhem Alejandro Bautista Hern\u00e1ndez \u2013 Universidad Mariano G\u00e1lvez \u2013 Consorcio de Universidades de Guatemala","og_url":"https:\/\/aprendoencasayenclase.mineduc.gob.gt\/index.php\/carta-de-un-profesor-a-los-padres-de-familia\/","og_site_name":"Aprendoencasayenclase","article_published_time":"2020-12-06T23:33:32+00:00","article_modified_time":"2020-12-10T06:44:06+00:00","og_image":[{"width":500,"height":333,"url":"https:\/\/aprendoencasayenclase.mineduc.gob.gt\/wp-content\/uploads\/BLOG171.jpg","type":"image\/jpeg"}],"author":"Carol","twitter_card":"summary_large_image","twitter_misc":{"Written by":"Carol","Est. reading time":"4 minutos"},"schema":{"@context":"https:\/\/schema.org","@graph":[{"@type":"WebPage","@id":"https:\/\/aprendoencasayenclase.mineduc.gob.gt\/index.php\/carta-de-un-profesor-a-los-padres-de-familia\/","url":"https:\/\/aprendoencasayenclase.mineduc.gob.gt\/index.php\/carta-de-un-profesor-a-los-padres-de-familia\/","name":"Carta de un profesor a los padres de familia - Aprendoencasayenclase","isPartOf":{"@id":"https:\/\/aprendoencasayenclase.mineduc.gob.gt\/#website"},"datePublished":"2020-12-06T23:33:32+00:00","dateModified":"2020-12-10T06:44:06+00:00","author":{"@id":"https:\/\/aprendoencasayenclase.mineduc.gob.gt\/#\/schema\/person\/b00626ff84896a881d73da8ba45cf532"},"breadcrumb":{"@id":"https:\/\/aprendoencasayenclase.mineduc.gob.gt\/index.php\/carta-de-un-profesor-a-los-padres-de-familia\/#breadcrumb"},"inLanguage":"es","potentialAction":[{"@type":"ReadAction","target":["https:\/\/aprendoencasayenclase.mineduc.gob.gt\/index.php\/carta-de-un-profesor-a-los-padres-de-familia\/"]}]},{"@type":"BreadcrumbList","@id":"https:\/\/aprendoencasayenclase.mineduc.gob.gt\/index.php\/carta-de-un-profesor-a-los-padres-de-familia\/#breadcrumb","itemListElement":[{"@type":"ListItem","position":1,"name":"Inicio","item":"https:\/\/aprendoencasayenclase.mineduc.gob.gt\/"},{"@type":"ListItem","position":2,"name":"Carta de un profesor a los padres de familia"}]},{"@type":"WebSite","@id":"https:\/\/aprendoencasayenclase.mineduc.gob.gt\/#website","url":"https:\/\/aprendoencasayenclase.mineduc.gob.gt\/","name":"Aprendoencasa","description":"Aprendo","potentialAction":[{"@type":"SearchAction","target":{"@type":"EntryPoint","urlTemplate":"https:\/\/aprendoencasayenclase.mineduc.gob.gt\/?s={search_term_string}"},"query-input":"required name=search_term_string"}],"inLanguage":"es"},{"@type":"Person","@id":"https:\/\/aprendoencasayenclase.mineduc.gob.gt\/#\/schema\/person\/b00626ff84896a881d73da8ba45cf532","name":"Carol","image":{"@type":"ImageObject","inLanguage":"es","@id":"https:\/\/aprendoencasayenclase.mineduc.gob.gt\/#\/schema\/person\/image\/","url":"https:\/\/secure.gravatar.com\/avatar\/735ef63d5236371005ec1f5ddf4e7bb9?s=96&d=mm&r=g","contentUrl":"https:\/\/secure.gravatar.com\/avatar\/735ef63d5236371005ec1f5ddf4e7bb9?s=96&d=mm&r=g","caption":"Carol"},"url":"https:\/\/aprendoencasayenclase.mineduc.gob.gt\/index.php\/author\/carol\/"}]}},"_links":{"self":[{"href":"https:\/\/aprendoencasayenclase.mineduc.gob.gt\/index.php\/wp-json\/wp\/v2\/posts\/15427"}],"collection":[{"href":"https:\/\/aprendoencasayenclase.mineduc.gob.gt\/index.php\/wp-json\/wp\/v2\/posts"}],"about":[{"href":"https:\/\/aprendoencasayenclase.mineduc.gob.gt\/index.php\/wp-json\/wp\/v2\/types\/post"}],"author":[{"embeddable":true,"href":"https:\/\/aprendoencasayenclase.mineduc.gob.gt\/index.php\/wp-json\/wp\/v2\/users\/3"}],"replies":[{"embeddable":true,"href":"https:\/\/aprendoencasayenclase.mineduc.gob.gt\/index.php\/wp-json\/wp\/v2\/comments?post=15427"}],"version-history":[{"count":2,"href":"https:\/\/aprendoencasayenclase.mineduc.gob.gt\/index.php\/wp-json\/wp\/v2\/posts\/15427\/revisions"}],"predecessor-version":[{"id":15904,"href":"https:\/\/aprendoencasayenclase.mineduc.gob.gt\/index.php\/wp-json\/wp\/v2\/posts\/15427\/revisions\/15904"}],"wp:featuredmedia":[{"embeddable":true,"href":"https:\/\/aprendoencasayenclase.mineduc.gob.gt\/index.php\/wp-json\/wp\/v2\/media\/15428"}],"wp:attachment":[{"href":"https:\/\/aprendoencasayenclase.mineduc.gob.gt\/index.php\/wp-json\/wp\/v2\/media?parent=15427"}],"wp:term":[{"taxonomy":"category","embeddable":true,"href":"https:\/\/aprendoencasayenclase.mineduc.gob.gt\/index.php\/wp-json\/wp\/v2\/categories?post=15427"},{"taxonomy":"post_tag","embeddable":true,"href":"https:\/\/aprendoencasayenclase.mineduc.gob.gt\/index.php\/wp-json\/wp\/v2\/tags?post=15427"}],"curies":[{"name":"wp","href":"https:\/\/api.w.org\/{rel}","templated":true}]}}